{"id":7773,"date":"2024-04-23T14:59:34","date_gmt":"2024-04-23T13:59:34","guid":{"rendered":"https:\/\/www.forwardis.com\/?post_type=news&#038;p=7773"},"modified":"2024-04-23T14:59:34","modified_gmt":"2024-04-23T13:59:34","slug":"4th-sustainability-day-dvz-17-04-2024","status":"publish","type":"news","link":"https:\/\/www.forwardis.com\/de\/news\/4th-sustainability-day-dvz-17-04-2024\/","title":{"rendered":"4th Sustainability Day &#8211; DVZ &#8211; 17.04.2024"},"content":{"rendered":"<div id=\"pl-7752\" class=\"panel-layout\">\n<div id=\"pg-7752-0\" class=\"panel-grid panel-has-style\" data-style=\"{&quot;class&quot;:&quot;overlay-right&quot;,&quot;background_image_attachment&quot;:false,&quot;background_display&quot;:&quot;tile&quot;,&quot;background_image_size&quot;:&quot;full&quot;,&quot;background_image_opacity&quot;:&quot;100&quot;,&quot;border_thickness&quot;:&quot;1px&quot;,&quot;full_height&quot;:&quot;&quot;,&quot;cell_alignment&quot;:&quot;flex-start&quot;}\">\n<div class=\"overlay-right panel-row-style panel-row-style-for-7752-0\">\n<div id=\"pgc-7752-0-0\" class=\"panel-grid-cell\" data-style=\"{&quot;background_image_attachment&quot;:false,&quot;background_display&quot;:&quot;tile&quot;,&quot;background_image_size&quot;:&quot;full&quot;,&quot;background_image_opacity&quot;:&quot;100&quot;,&quot;border_thickness&quot;:&quot;1px&quot;,&quot;vertical_alignment&quot;:&quot;auto&quot;}\" data-weight=\"1\">\n<div id=\"panel-7752-0-0-0\" class=\"so-panel widget widget_sow-editor panel-first-child panel-last-child\" data-index=\"0\" data-style=\"{&quot;background_image_attachment&quot;:false,&quot;background_display&quot;:&quot;tile&quot;,&quot;background_image_size&quot;:&quot;full&quot;,&quot;background_image_opacity&quot;:&quot;100&quot;,&quot;border_thickness&quot;:&quot;1px&quot;}\">\n<div class=\"so-widget-sow-editor so-widget-sow-editor-base\">\n<div class=\"siteorigin-widget-tinymce textwidget\">\n<div id=\"pg-w6622428d51957-0\" class=\"panel-grid panel-has-style\" data-style=\"{&quot;class&quot;:&quot;images-video-section container&quot;,&quot;background_image_attachment&quot;:false,&quot;background_display&quot;:&quot;tile&quot;,&quot;background_image_size&quot;:&quot;full&quot;,&quot;border_thickness&quot;:&quot;1px&quot;,&quot;full_height&quot;:&quot;&quot;,&quot;cell_alignment&quot;:&quot;flex-start&quot;}\">\n<div class=\"images-video-section container panel-row-style panel-row-style-for-w6622428d51957-0\">\n<div id=\"pgc-w6622428d51957-0-1\" class=\"panel-grid-cell panel-grid-cell-empty\" data-weight=\"0.5\">\n<p><strong>Am Mittwoch, den 17. April 2024, nahmen Philippe Golder, CEO der Forwardis GmbH, Sven Le Gars, Leiter des Clusters Chemie, Konsumg\u00fcter &amp; Stahl, und Ad\u00e9la\u00efde Simon de Bessac, Marketing- und Kommunikationsmanagerin der Forwardis GmbH, am vierten Nachhaltigkeitstag der DVZ Medien in Frankfurt teil.<\/strong><\/p>\n<p>Die Veranstaltung begann mit einer Grundsatzdiskussion \u00fcber die<strong> Bewirtschaftung von Kunststoffabf\u00e4llen und die Rolle der Unternehmen bei der Reduzierung ihrer Umweltauswirkungen.<\/strong> Experten wie Katharina Ley von KPMG Deutschland und Yvonne Bonventre von der BLG LOGISTICS GROUP AG &amp; Co. KG berichteten \u00fcber die Herausforderungen des Supply Chain Responsibility Act (CSRD) und die Auswirkungen auf Logistikunternehmen wie Forwardis.<\/p>\n<p>Die <strong>genaue Messung von CO2-Emissionen in der Logistik<\/strong> stand im Mittelpunkt der Diskussion, die von Kathrin Schuller vom Smart Freight Centre und Lutz Fricke von MOSOLF SE &amp; Co. KG. Anhand konkreter Beispiele wurden die Herausforderungen und Learnings bei der Erstellung von <strong>Carbon Footprints aufgezeigt.<\/strong><\/p>\n<p>Ein H\u00f6hepunkt des Tages war die Erkundung der Synergien zwischen<strong> Nachhaltigkeit und Digitalisierung<\/strong>, die von Referenten wie Stephanie Hackenholt von Lufthansa Industry Solutions geleitet wurde. Diese Sitzung verdeutlichte die wachsende Bedeutung der Technologie bei der Erreichung von Nachhaltigkeitszielen. Die Veranstaltung bot auch vertiefende Einblicke in spezifische Themen, darunter der \u00dcbergang zu einem umweltfreundlicheren Transport auf der Stra\u00dfe und im Luftlogistiksektor. Die Diskussionen konzentrierten sich auch auf Initiativen <strong>zur Verringerung der CO2-Emissionen in der Logistik,<\/strong> mit Pr\u00e4sentationen von Vordenkern wie Moritz T\u00f6lke von Sovereign Speed GmbH und Bettina Jansen von Lufthansa Cargo AG.<\/p>\n<p>Der Tag endete mit Pr\u00e4sentationen \u00fcber <strong>innovative Initiativen<\/strong> zur Reduzierung von Emissionen in der Logistik, die von vielversprechenden Start-ups wie der CO2OPT GmbH und der hey circle GmbH vorangetrieben wurden. Die DVZ-Redaktion fasste die Highlights des Tages zusammen und bot den Teilnehmern eine letzte Gelegenheit zum Networking und Austausch, bevor sie sich mit neuen Perspektiven und wertvollen Kontakten f\u00fcr die Zukunft verabschiedeten.<\/p>\n<p><strong>Forwardis, als Sponsor der Veranstaltung, war mit seinen drei Mitarbeitern gut vertreten und wurde durch die Pr\u00e4senz seines Logos und seiner Marketingtools (kakemono) w\u00e4hrend des gesamten Tages besser wahrgenommen.<\/strong> <strong>Das T\u00fcpfelchen auf dem i war, dass die Tagesausgabe der DVZ in der Mitte eine Forwardis-Anzeige enthielt, die die Pr\u00e4senz des Unternehmens im Bereich der nachhaltigen Logistik unterstrich.<\/strong><\/p>\n<\/div>\n<\/div>\n<\/div>\n<div id=\"pg-w6622428d51957-1\" class=\"panel-grid panel-has-style\" data-style=\"{&quot;class&quot;:&quot;press-page-1-text-wrap container&quot;,&quot;background_image_attachment&quot;:false,&quot;background_display&quot;:&quot;tile&quot;,&quot;full_height&quot;:&quot;&quot;,&quot;cell_alignment&quot;:&quot;flex-start&quot;}\">\n<div class=\"press-page-1-text-wrap container panel-row-style panel-row-style-for-w6622428d51957-1\">\n<div id=\"pgc-w6622428d51957-1-0\" class=\"panel-grid-cell\" data-style=\"{&quot;background_image_attachment&quot;:false,&quot;background_display&quot;:&quot;tile&quot;,&quot;vertical_alignment&quot;:&quot;auto&quot;}\" data-weight=\"1\">\n<div id=\"panel-w6622428d51957-1-0-0\" class=\"so-panel widget widget_sow-editor panel-first-child panel-last-child\" data-index=\"0\" data-style=\"{&quot;class&quot;:&quot;container&quot;,&quot;background_image_attachment&quot;:false,&quot;background_display&quot;:&quot;tile&quot;,&quot;background_image_size&quot;:&quot;full&quot;,&quot;background_image_opacity&quot;:&quot;100&quot;,&quot;border_thickness&quot;:&quot;1px&quot;}\">\n<div class=\"container panel-widget-style panel-widget-style-for-w6622428d51957-1-0-0\">\n<div class=\"so-widget-sow-editor so-widget-sow-editor-base\">\n<div class=\"siteorigin-widget-tinymce textwidget\">\n<p>&nbsp;<\/p>\n<\/div>\n<\/div>\n<\/div>\n<\/div>\n<\/div>\n<\/div>\n<\/div>\n<div id=\"pg-w6622428d51957-3\" class=\"panel-grid panel-has-style\" data-style=\"{&quot;padding&quot;:&quot;0px 0px 100px 0px&quot;,&quot;background_image_attachment&quot;:false,&quot;background_display&quot;:&quot;tile&quot;,&quot;background_image_size&quot;:&quot;full&quot;,&quot;border_thickness&quot;:&quot;1px&quot;,&quot;full_height&quot;:&quot;&quot;,&quot;cell_alignment&quot;:&quot;flex-start&quot;}\">\n<div class=\"panel-row-style panel-row-style-for-w6622428d51957-3\">\n<div id=\"pgc-w6622428d51957-3-0\" class=\"panel-grid-cell\" data-weight=\"1\">\n<div id=\"panel-w6622428d51957-3-0-0\" class=\"so-panel widget widget_sow-image panel-first-child panel-last-child\" data-index=\"1\" data-style=\"{&quot;background_image_attachment&quot;:false,&quot;background_display&quot;:&quot;tile&quot;,&quot;background_image_size&quot;:&quot;full&quot;,&quot;background_image_opacity&quot;:&quot;100&quot;,&quot;border_thickness&quot;:&quot;1px&quot;}\">\n<div class=\"so-widget-sow-image so-widget-sow-image-default-c67d20f9f743\">\n<div class=\"sow-image-container\"><img loading=\"lazy\" decoding=\"async\" class=\"so-widget-image\" title=\"4. DVZ Sustainability Day, Fraport Besucherzentrum, Frankfurt am Main, 17.04.2024, Tim Wegner\" src=\"https:\/\/www.forwardis.com\/wp-content\/uploads\/2024\/04\/Forwardis_1-scaled.jpg\" sizes=\"auto, (max-width: 2560px) 100vw, 2560px\" srcset=\"https:\/\/www.forwardis.com\/wp-content\/uploads\/2024\/04\/Forwardis_1-scaled.jpg 2560w, https:\/\/www.forwardis.com\/wp-content\/uploads\/2024\/04\/Forwardis_1-300x200.jpg 300w, https:\/\/www.forwardis.com\/wp-content\/uploads\/2024\/04\/Forwardis_1-1024x683.jpg 1024w, https:\/\/www.forwardis.com\/wp-content\/uploads\/2024\/04\/Forwardis_1-768x512.jpg 768w, https:\/\/www.forwardis.com\/wp-content\/uploads\/2024\/04\/Forwardis_1-1536x1024.jpg 1536w, https:\/\/www.forwardis.com\/wp-content\/uploads\/2024\/04\/Forwardis_1-2048x1365.jpg 2048w, https:\/\/www.forwardis.com\/wp-content\/uploads\/2024\/04\/Forwardis_1-272x182.jpg 272w\" alt=\"\" width=\"2560\" height=\"1707\" \/><\/div>\n<\/div>\n<\/div>\n<\/div>\n<\/div>\n<\/div>\n<\/div>\n<\/div>\n<\/div>\n<\/div>\n<\/div>\n<\/div>\n<\/div>\n","protected":false},"excerpt":{"rendered":"<p>On Wednesday April 17, 2024, Philippe Golder, joined by Sven Le Gars, and Ad\u00e9la\u00efde Simon de Bessac, took part in the 4th Sustainability Day organized by the DVZ media in Frankfurt.<\/p>\n","protected":false},"featured_media":7750,"template":"","city":[],"news_category":[],"news_tags":[],"class_list":["post-7773","news","type-news","status-publish","has-post-thumbnail","hentry"],"acf":[],"yoast_head":"<!-- This site is optimized with the Yoast SEO plugin v26.9 - https:\/\/yoast.com\/product\/yoast-seo-wordpress\/ -->\n<title>4th Sustainability Day - DVZ - 17.04.2024 - Forwardis<\/title>\n<meta name=\"robots\" content=\"index, follow, max-snippet:-1, max-image-preview:large, max-video-preview:-1\" \/>\n<link rel=\"canonical\" href=\"https:\/\/www.forwardis.com\/de\/news\/4th-sustainability-day-dvz-17-04-2024\/\" \/>\n<meta property=\"og:locale\" content=\"de_DE\" \/>\n<meta property=\"og:type\" content=\"article\" \/>\n<meta property=\"og:title\" content=\"4th Sustainability Day - DVZ - 17.04.2024 - Forwardis\" \/>\n<meta property=\"og:description\" content=\"On Wednesday April 17, 2024, Philippe Golder, joined by Sven Le Gars, and Ad\u00e9la\u00efde Simon de Bessac, took part in the 4th Sustainability Day organized by the DVZ media in Frankfurt.\" \/>\n<meta property=\"og:url\" content=\"https:\/\/www.forwardis.com\/de\/news\/4th-sustainability-day-dvz-17-04-2024\/\" \/>\n<meta property=\"og:site_name\" content=\"Forwardis\" \/>\n<meta property=\"og:image\" content=\"https:\/\/www.forwardis.com\/wp-content\/uploads\/2024\/04\/Forwardis_1-scaled.jpg\" \/>\n\t<meta property=\"og:image:width\" content=\"2560\" \/>\n\t<meta property=\"og:image:height\" content=\"1707\" \/>\n\t<meta property=\"og:image:type\" content=\"image\/jpeg\" \/>\n<meta name=\"twitter:card\" content=\"summary_large_image\" \/>\n<meta name=\"twitter:site\" content=\"@Forwardisgroup\" \/>\n<meta name=\"twitter:label1\" content=\"Gesch\u00e4tzte Lesezeit\" \/>\n\t<meta name=\"twitter:data1\" content=\"2\u00a0Minuten\" \/>\n<script type=\"application\/ld+json\" class=\"yoast-schema-graph\">{\"@context\":\"https:\/\/schema.org\",\"@graph\":[{\"@type\":\"WebPage\",\"@id\":\"https:\/\/www.forwardis.com\/de\/news\/4th-sustainability-day-dvz-17-04-2024\/\",\"url\":\"https:\/\/www.forwardis.com\/de\/news\/4th-sustainability-day-dvz-17-04-2024\/\",\"name\":\"4th Sustainability Day - DVZ - 17.04.2024 - Forwardis\",\"isPartOf\":{\"@id\":\"https:\/\/www.forwardis.com\/#website\"},\"primaryImageOfPage\":{\"@id\":\"https:\/\/www.forwardis.com\/de\/news\/4th-sustainability-day-dvz-17-04-2024\/#primaryimage\"},\"image\":{\"@id\":\"https:\/\/www.forwardis.com\/de\/news\/4th-sustainability-day-dvz-17-04-2024\/#primaryimage\"},\"thumbnailUrl\":\"https:\/\/www.forwardis.com\/wp-content\/uploads\/2024\/04\/Forwardis_1-scaled.jpg\",\"datePublished\":\"2024-04-23T13:59:34+00:00\",\"breadcrumb\":{\"@id\":\"https:\/\/www.forwardis.com\/de\/news\/4th-sustainability-day-dvz-17-04-2024\/#breadcrumb\"},\"inLanguage\":\"de\",\"potentialAction\":[{\"@type\":\"ReadAction\",\"target\":[\"https:\/\/www.forwardis.com\/de\/news\/4th-sustainability-day-dvz-17-04-2024\/\"]}]},{\"@type\":\"ImageObject\",\"inLanguage\":\"de\",\"@id\":\"https:\/\/www.forwardis.com\/de\/news\/4th-sustainability-day-dvz-17-04-2024\/#primaryimage\",\"url\":\"https:\/\/www.forwardis.com\/wp-content\/uploads\/2024\/04\/Forwardis_1-scaled.jpg\",\"contentUrl\":\"https:\/\/www.forwardis.com\/wp-content\/uploads\/2024\/04\/Forwardis_1-scaled.jpg\",\"width\":2560,\"height\":1707,\"caption\":\"4. DVZ Sustainability Day, Fraport Besucherzentrum, Frankfurt am Main, 17.04.2024, Tim Wegner\"},{\"@type\":\"BreadcrumbList\",\"@id\":\"https:\/\/www.forwardis.com\/de\/news\/4th-sustainability-day-dvz-17-04-2024\/#breadcrumb\",\"itemListElement\":[{\"@type\":\"ListItem\",\"position\":1,\"name\":\"Home\",\"item\":\"https:\/\/www.forwardis.com\/de\/\"},{\"@type\":\"ListItem\",\"position\":2,\"name\":\"4th Sustainability Day &#8211; DVZ &#8211; 17.04.2024\"}]},{\"@type\":\"WebSite\",\"@id\":\"https:\/\/www.forwardis.com\/#website\",\"url\":\"https:\/\/www.forwardis.com\/\",\"name\":\"Forwardis\",\"description\":\"\",\"publisher\":{\"@id\":\"https:\/\/www.forwardis.com\/#organization\"},\"potentialAction\":[{\"@type\":\"SearchAction\",\"target\":{\"@type\":\"EntryPoint\",\"urlTemplate\":\"https:\/\/www.forwardis.com\/?s={search_term_string}\"},\"query-input\":{\"@type\":\"PropertyValueSpecification\",\"valueRequired\":true,\"valueName\":\"search_term_string\"}}],\"inLanguage\":\"de\"},{\"@type\":\"Organization\",\"@id\":\"https:\/\/www.forwardis.com\/#organization\",\"name\":\"Forwardis\",\"url\":\"https:\/\/www.forwardis.com\/\",\"logo\":{\"@type\":\"ImageObject\",\"inLanguage\":\"de\",\"@id\":\"https:\/\/www.forwardis.com\/#\/schema\/logo\/image\/\",\"url\":\"https:\/\/www.forwardis.com\/wp-content\/uploads\/2025\/03\/logo-Forwardi-couleur.svg\",\"contentUrl\":\"https:\/\/www.forwardis.com\/wp-content\/uploads\/2025\/03\/logo-Forwardi-couleur.svg\",\"width\":286,\"height\":66,\"caption\":\"Forwardis\"},\"image\":{\"@id\":\"https:\/\/www.forwardis.com\/#\/schema\/logo\/image\/\"},\"sameAs\":[\"https:\/\/x.com\/Forwardisgroup\",\"https:\/\/www.linkedin.com\/company\/forwardis-group\/\",\"https:\/\/www.youtube.com\/@forwardis1948\"]}]}<\/script>\n<!-- \/ Yoast SEO plugin. -->","yoast_head_json":{"title":"4th Sustainability Day - DVZ - 17.04.2024 - Forwardis","robots":{"index":"index","follow":"follow","max-snippet":"max-snippet:-1","max-image-preview":"max-image-preview:large","max-video-preview":"max-video-preview:-1"},"canonical":"https:\/\/www.forwardis.com\/de\/news\/4th-sustainability-day-dvz-17-04-2024\/","og_locale":"de_DE","og_type":"article","og_title":"4th Sustainability Day - DVZ - 17.04.2024 - Forwardis","og_description":"On Wednesday April 17, 2024, Philippe Golder, joined by Sven Le Gars, and Ad\u00e9la\u00efde Simon de Bessac, took part in the 4th Sustainability Day organized by the DVZ media in Frankfurt.","og_url":"https:\/\/www.forwardis.com\/de\/news\/4th-sustainability-day-dvz-17-04-2024\/","og_site_name":"Forwardis","og_image":[{"width":2560,"height":1707,"url":"https:\/\/www.forwardis.com\/wp-content\/uploads\/2024\/04\/Forwardis_1-scaled.jpg","type":"image\/jpeg"}],"twitter_card":"summary_large_image","twitter_site":"@Forwardisgroup","twitter_misc":{"Gesch\u00e4tzte Lesezeit":"2\u00a0Minuten"},"schema":{"@context":"https:\/\/schema.org","@graph":[{"@type":"WebPage","@id":"https:\/\/www.forwardis.com\/de\/news\/4th-sustainability-day-dvz-17-04-2024\/","url":"https:\/\/www.forwardis.com\/de\/news\/4th-sustainability-day-dvz-17-04-2024\/","name":"4th Sustainability Day - DVZ - 17.04.2024 - Forwardis","isPartOf":{"@id":"https:\/\/www.forwardis.com\/#website"},"primaryImageOfPage":{"@id":"https:\/\/www.forwardis.com\/de\/news\/4th-sustainability-day-dvz-17-04-2024\/#primaryimage"},"image":{"@id":"https:\/\/www.forwardis.com\/de\/news\/4th-sustainability-day-dvz-17-04-2024\/#primaryimage"},"thumbnailUrl":"https:\/\/www.forwardis.com\/wp-content\/uploads\/2024\/04\/Forwardis_1-scaled.jpg","datePublished":"2024-04-23T13:59:34+00:00","breadcrumb":{"@id":"https:\/\/www.forwardis.com\/de\/news\/4th-sustainability-day-dvz-17-04-2024\/#breadcrumb"},"inLanguage":"de","potentialAction":[{"@type":"ReadAction","target":["https:\/\/www.forwardis.com\/de\/news\/4th-sustainability-day-dvz-17-04-2024\/"]}]},{"@type":"ImageObject","inLanguage":"de","@id":"https:\/\/www.forwardis.com\/de\/news\/4th-sustainability-day-dvz-17-04-2024\/#primaryimage","url":"https:\/\/www.forwardis.com\/wp-content\/uploads\/2024\/04\/Forwardis_1-scaled.jpg","contentUrl":"https:\/\/www.forwardis.com\/wp-content\/uploads\/2024\/04\/Forwardis_1-scaled.jpg","width":2560,"height":1707,"caption":"4. DVZ Sustainability Day, Fraport Besucherzentrum, Frankfurt am Main, 17.04.2024, Tim Wegner"},{"@type":"BreadcrumbList","@id":"https:\/\/www.forwardis.com\/de\/news\/4th-sustainability-day-dvz-17-04-2024\/#breadcrumb","itemListElement":[{"@type":"ListItem","position":1,"name":"Home","item":"https:\/\/www.forwardis.com\/de\/"},{"@type":"ListItem","position":2,"name":"4th Sustainability Day &#8211; DVZ &#8211; 17.04.2024"}]},{"@type":"WebSite","@id":"https:\/\/www.forwardis.com\/#website","url":"https:\/\/www.forwardis.com\/","name":"Forwardis","description":"","publisher":{"@id":"https:\/\/www.forwardis.com\/#organization"},"potentialAction":[{"@type":"SearchAction","target":{"@type":"EntryPoint","urlTemplate":"https:\/\/www.forwardis.com\/?s={search_term_string}"},"query-input":{"@type":"PropertyValueSpecification","valueRequired":true,"valueName":"search_term_string"}}],"inLanguage":"de"},{"@type":"Organization","@id":"https:\/\/www.forwardis.com\/#organization","name":"Forwardis","url":"https:\/\/www.forwardis.com\/","logo":{"@type":"ImageObject","inLanguage":"de","@id":"https:\/\/www.forwardis.com\/#\/schema\/logo\/image\/","url":"https:\/\/www.forwardis.com\/wp-content\/uploads\/2025\/03\/logo-Forwardi-couleur.svg","contentUrl":"https:\/\/www.forwardis.com\/wp-content\/uploads\/2025\/03\/logo-Forwardi-couleur.svg","width":286,"height":66,"caption":"Forwardis"},"image":{"@id":"https:\/\/www.forwardis.com\/#\/schema\/logo\/image\/"},"sameAs":["https:\/\/x.com\/Forwardisgroup","https:\/\/www.linkedin.com\/company\/forwardis-group\/","https:\/\/www.youtube.com\/@forwardis1948"]}]}},"_links":{"self":[{"href":"https:\/\/www.forwardis.com\/de\/wp-json\/wp\/v2\/news\/7773","targetHints":{"allow":["GET"]}}],"collection":[{"href":"https:\/\/www.forwardis.com\/de\/wp-json\/wp\/v2\/news"}],"about":[{"href":"https:\/\/www.forwardis.com\/de\/wp-json\/wp\/v2\/types\/news"}],"wp:featuredmedia":[{"embeddable":true,"href":"https:\/\/www.forwardis.com\/de\/wp-json\/wp\/v2\/media\/7750"}],"wp:attachment":[{"href":"https:\/\/www.forwardis.com\/de\/wp-json\/wp\/v2\/media?parent=7773"}],"wp:term":[{"taxonomy":"city","embeddable":true,"href":"https:\/\/www.forwardis.com\/de\/wp-json\/wp\/v2\/city?post=7773"},{"taxonomy":"news_category","embeddable":true,"href":"https:\/\/www.forwardis.com\/de\/wp-json\/wp\/v2\/news_category?post=7773"},{"taxonomy":"news_tags","embeddable":true,"href":"https:\/\/www.forwardis.com\/de\/wp-json\/wp\/v2\/news_tags?post=7773"}],"curies":[{"name":"wp","href":"https:\/\/api.w.org\/{rel}","templated":true}]}}