{"id":8158,"date":"2025-03-20T13:07:22","date_gmt":"2025-03-20T13:07:22","guid":{"rendered":"https:\/\/www.forwardis.com\/?post_type=news&#038;p=8158"},"modified":"2025-03-20T13:07:22","modified_gmt":"2025-03-20T13:07:22","slug":"forwardis-a-la-combat-engineer-logistics-conference-de-varsovie","status":"publish","type":"news","link":"https:\/\/www.forwardis.com\/de\/news\/forwardis-a-la-combat-engineer-logistics-conference-de-varsovie\/","title":{"rendered":"Forwardis \u00e0 la Combat Engineer &#038; Logistics Conference de Varsovie"},"content":{"rendered":"<div id=\"pl-8158\"  class=\"panel-layout\" ><div id=\"pg-8158-0\"  class=\"panel-grid panel-no-style\" ><div id=\"pgc-8158-0-0\"  class=\"panel-grid-cell\" ><div id=\"panel-8158-0-0-0\" class=\"so-panel widget widget_sow-editor panel-first-child panel-last-child\" data-index=\"0\" ><div class=\"panel-widget-style panel-widget-style-for-8158-0-0-0\" ><div\n\t\t\t\n\t\t\tclass=\"so-widget-sow-editor so-widget-sow-editor-base\"\n\t\t\t\n\t\t>\n<div class=\"siteorigin-widget-tinymce textwidget\">\n\t<p data-start=\"98\" data-end=\"454\">Nous sommes heureux d'annoncer notre participation \u00e0 la 11e \u00e9dition de la <a href=\"https:\/\/defenceleaders.com\/combat-engineer-logistics-overview\/\">Combat Engineer &amp; Logistics Conference<\/a>, qui se d\u00e9roulera du 25 au 27 mars 2025 \u00e0 Varsovie, en Pologne. Cet \u00e9v\u00e9nement majeur r\u00e9unit des professionnels du g\u00e9nie militaire et de la logistique pour discuter des d\u00e9fis de l'industrie, des avanc\u00e9es technologiques et des tendances futures.<\/p>\n<p data-start=\"456\" data-end=\"709\"><strong data-start=\"456\" data-end=\"512\">Forwardis : votre partenaire en logistique militaire<\/strong><br data-start=\"512\" data-end=\"515\">En tant que sp\u00e9cialiste du transport ferroviaire et multimodal de fret, Forwardis con\u00e7oit, organise et met en \u0153uvre des solutions logistiques sur mesure pour r\u00e9pondre aux besoins de ses clients.<\/p>\n<p data-start=\"711\" data-end=\"739\">Nos services comprennent :<\/p>\n<ul data-start=\"740\" data-end=\"1057\">\n<li data-start=\"740\" data-end=\"791\">Gestion des flux de transport et du traitement,<\/li>\n<li data-start=\"792\" data-end=\"827\">Organisation du transbordement,<\/li>\n<li data-start=\"828\" data-end=\"881\">Gestion des stocks et formalit\u00e9s administratives,<\/li>\n<li data-start=\"882\" data-end=\"1057\">Mise \u00e0 disposition de wagons et de containers adapt\u00e9s aux exigences militaires.<br data-start=\"963\" data-end=\"966\">Et bien plus encore !<br data-start=\"987\" data-end=\"990\">Notre expertise est soutenue par notre grand groupe logistique RLE.<\/li>\n<\/ul>\n<p data-start=\"1059\" data-end=\"1304\"><strong data-start=\"1059\" data-end=\"1101\">Notre expertise en transport militaire<\/strong><br data-start=\"1101\" data-end=\"1104\">\u2714 Plus de 150 trains militaires op\u00e9r\u00e9s chaque ann\u00e9e<br data-start=\"1155\" data-end=\"1158\">\u2714 Partenaire de confiance de la SNCF et des forces arm\u00e9es fran\u00e7aises<br data-start=\"1226\" data-end=\"1229\">\u2714 Un r\u00e9seau europ\u00e9en couvrant des corridors logistiques strat\u00e9giques cl\u00e9s<\/p>\n<p data-start=\"1306\" data-end=\"1561\">Nous serons pr\u00e9sents \u00e0 Varsovie pour discuter de vos d\u00e9fis logistiques et vous pr\u00e9senter nos solutions con\u00e7ues pour r\u00e9pondre aux besoins sp\u00e9cifiques du transport militaire. Connectons-nous et explorons ensemble comment nous pouvons soutenir vos missions !<\/p>\n<p data-start=\"1563\" data-end=\"1612\">\ud83d\udcc5 Du 25 au 27 mars 2025<br data-start=\"1587\" data-end=\"1590\">\ud83d\udccd Varsovie, Pologne<\/p>\n<p data-start=\"1614\" data-end=\"1695\">N'h\u00e9sitez pas \u00e0 nous contacter pour planifier une rencontre pendant l'\u00e9v\u00e9nement !<\/p>\n<p><img loading=\"lazy\" decoding=\"async\" class=\"size-full wp-image-8154 aligncenter\" src=\"https:\/\/www.forwardis.com\/wp-content\/uploads\/2025\/03\/Linkedin-5.png\" alt=\"\" width=\"700\" height=\"400\" srcset=\"https:\/\/www.forwardis.com\/wp-content\/uploads\/2025\/03\/Linkedin-5.png 700w, https:\/\/www.forwardis.com\/wp-content\/uploads\/2025\/03\/Linkedin-5-300x171.png 300w\" sizes=\"auto, (max-width: 700px) 100vw, 700px\" \/><\/p>\n<\/div>\n<\/div><\/div><\/div><\/div><\/div><\/div>","protected":false},"excerpt":{"rendered":"<p>Nous sommes heureux d&#8217;annoncer notre participation \u00e0 la 11e \u00e9dition de la Combat Engineer &amp; Logistics Conference, qui se d\u00e9roulera du 25 au 27 mars 2025 \u00e0 Varsovie, en Pologne. Cet \u00e9v\u00e9nement majeur r\u00e9unit des professionnels du g\u00e9nie militaire et de la logistique pour discuter des d\u00e9fis de l&#8217;industrie, des avanc\u00e9es technologiques et des tendances [&hellip;]<\/p>\n","protected":false},"featured_media":8154,"template":"","city":[],"news_category":[],"news_tags":[],"class_list":["post-8158","news","type-news","status-publish","has-post-thumbnail","hentry"],"acf":[],"yoast_head":"<!-- This site is optimized with the Yoast SEO plugin v26.9 - https:\/\/yoast.com\/product\/yoast-seo-wordpress\/ -->\n<title>Forwardis \u00e0 la Combat Engineer &amp; Logistics Conference de Varsovie - Forwardis<\/title>\n<meta name=\"robots\" content=\"index, follow, max-snippet:-1, max-image-preview:large, max-video-preview:-1\" \/>\n<link rel=\"canonical\" href=\"https:\/\/www.forwardis.com\/fr\/actualites\/forwardis-a-la-combat-engineer-logistics-conference-de-varsovie\/\" \/>\n<meta property=\"og:locale\" content=\"de_DE\" \/>\n<meta property=\"og:type\" content=\"article\" \/>\n<meta property=\"og:title\" content=\"Forwardis \u00e0 la Combat Engineer &amp; Logistics Conference de Varsovie - Forwardis\" \/>\n<meta property=\"og:description\" content=\"Nous sommes heureux d&#039;annoncer notre participation \u00e0 la 11e \u00e9dition de la Combat Engineer &amp; Logistics Conference, qui se d\u00e9roulera du 25 au 27 mars 2025 \u00e0 Varsovie, en Pologne. Cet \u00e9v\u00e9nement majeur r\u00e9unit des professionnels du g\u00e9nie militaire et de la logistique pour discuter des d\u00e9fis de l&#039;industrie, des avanc\u00e9es technologiques et des tendances [&hellip;]\" \/>\n<meta property=\"og:url\" content=\"https:\/\/www.forwardis.com\/fr\/actualites\/forwardis-a-la-combat-engineer-logistics-conference-de-varsovie\/\" \/>\n<meta property=\"og:site_name\" content=\"Forwardis\" \/>\n<meta property=\"og:image\" content=\"https:\/\/www.forwardis.com\/wp-content\/uploads\/2025\/03\/Linkedin-5.png\" \/>\n\t<meta property=\"og:image:width\" content=\"700\" \/>\n\t<meta property=\"og:image:height\" content=\"400\" \/>\n\t<meta property=\"og:image:type\" content=\"image\/png\" \/>\n<meta name=\"twitter:card\" content=\"summary_large_image\" \/>\n<meta name=\"twitter:site\" content=\"@Forwardisgroup\" \/>\n<meta name=\"twitter:label1\" content=\"Gesch\u00e4tzte Lesezeit\" \/>\n\t<meta name=\"twitter:data1\" content=\"2\u00a0Minuten\" \/>\n<script type=\"application\/ld+json\" class=\"yoast-schema-graph\">{\"@context\":\"https:\/\/schema.org\",\"@graph\":[{\"@type\":\"WebPage\",\"@id\":\"https:\/\/www.forwardis.com\/fr\/actualites\/forwardis-a-la-combat-engineer-logistics-conference-de-varsovie\/\",\"url\":\"https:\/\/www.forwardis.com\/fr\/actualites\/forwardis-a-la-combat-engineer-logistics-conference-de-varsovie\/\",\"name\":\"Forwardis \u00e0 la Combat Engineer & Logistics Conference de Varsovie - Forwardis\",\"isPartOf\":{\"@id\":\"https:\/\/www.forwardis.com\/#website\"},\"primaryImageOfPage\":{\"@id\":\"https:\/\/www.forwardis.com\/fr\/actualites\/forwardis-a-la-combat-engineer-logistics-conference-de-varsovie\/#primaryimage\"},\"image\":{\"@id\":\"https:\/\/www.forwardis.com\/fr\/actualites\/forwardis-a-la-combat-engineer-logistics-conference-de-varsovie\/#primaryimage\"},\"thumbnailUrl\":\"https:\/\/www.forwardis.com\/wp-content\/uploads\/2025\/03\/Linkedin-5.png\",\"datePublished\":\"2025-03-20T13:07:22+00:00\",\"breadcrumb\":{\"@id\":\"https:\/\/www.forwardis.com\/fr\/actualites\/forwardis-a-la-combat-engineer-logistics-conference-de-varsovie\/#breadcrumb\"},\"inLanguage\":\"de\",\"potentialAction\":[{\"@type\":\"ReadAction\",\"target\":[\"https:\/\/www.forwardis.com\/fr\/actualites\/forwardis-a-la-combat-engineer-logistics-conference-de-varsovie\/\"]}]},{\"@type\":\"ImageObject\",\"inLanguage\":\"de\",\"@id\":\"https:\/\/www.forwardis.com\/fr\/actualites\/forwardis-a-la-combat-engineer-logistics-conference-de-varsovie\/#primaryimage\",\"url\":\"https:\/\/www.forwardis.com\/wp-content\/uploads\/2025\/03\/Linkedin-5.png\",\"contentUrl\":\"https:\/\/www.forwardis.com\/wp-content\/uploads\/2025\/03\/Linkedin-5.png\",\"width\":700,\"height\":400},{\"@type\":\"BreadcrumbList\",\"@id\":\"https:\/\/www.forwardis.com\/fr\/actualites\/forwardis-a-la-combat-engineer-logistics-conference-de-varsovie\/#breadcrumb\",\"itemListElement\":[{\"@type\":\"ListItem\",\"position\":1,\"name\":\"Home\",\"item\":\"https:\/\/www.forwardis.com\/de\/\"},{\"@type\":\"ListItem\",\"position\":2,\"name\":\"Forwardis \u00e0 la Combat Engineer &#038; Logistics Conference de Varsovie\"}]},{\"@type\":\"WebSite\",\"@id\":\"https:\/\/www.forwardis.com\/#website\",\"url\":\"https:\/\/www.forwardis.com\/\",\"name\":\"Forwardis\",\"description\":\"\",\"publisher\":{\"@id\":\"https:\/\/www.forwardis.com\/#organization\"},\"potentialAction\":[{\"@type\":\"SearchAction\",\"target\":{\"@type\":\"EntryPoint\",\"urlTemplate\":\"https:\/\/www.forwardis.com\/?s={search_term_string}\"},\"query-input\":{\"@type\":\"PropertyValueSpecification\",\"valueRequired\":true,\"valueName\":\"search_term_string\"}}],\"inLanguage\":\"de\"},{\"@type\":\"Organization\",\"@id\":\"https:\/\/www.forwardis.com\/#organization\",\"name\":\"Forwardis\",\"url\":\"https:\/\/www.forwardis.com\/\",\"logo\":{\"@type\":\"ImageObject\",\"inLanguage\":\"de\",\"@id\":\"https:\/\/www.forwardis.com\/#\/schema\/logo\/image\/\",\"url\":\"https:\/\/www.forwardis.com\/wp-content\/uploads\/2025\/03\/logo-Forwardi-couleur.svg\",\"contentUrl\":\"https:\/\/www.forwardis.com\/wp-content\/uploads\/2025\/03\/logo-Forwardi-couleur.svg\",\"width\":286,\"height\":66,\"caption\":\"Forwardis\"},\"image\":{\"@id\":\"https:\/\/www.forwardis.com\/#\/schema\/logo\/image\/\"},\"sameAs\":[\"https:\/\/x.com\/Forwardisgroup\",\"https:\/\/www.linkedin.com\/company\/forwardis-group\/\",\"https:\/\/www.youtube.com\/@forwardis1948\"]}]}<\/script>\n<!-- \/ Yoast SEO plugin. -->","yoast_head_json":{"title":"Forwardis \u00e0 la Combat Engineer & Logistics Conference de Varsovie - Forwardis","robots":{"index":"index","follow":"follow","max-snippet":"max-snippet:-1","max-image-preview":"max-image-preview:large","max-video-preview":"max-video-preview:-1"},"canonical":"https:\/\/www.forwardis.com\/fr\/actualites\/forwardis-a-la-combat-engineer-logistics-conference-de-varsovie\/","og_locale":"de_DE","og_type":"article","og_title":"Forwardis \u00e0 la Combat Engineer & Logistics Conference de Varsovie - Forwardis","og_description":"Nous sommes heureux d'annoncer notre participation \u00e0 la 11e \u00e9dition de la Combat Engineer &amp; Logistics Conference, qui se d\u00e9roulera du 25 au 27 mars 2025 \u00e0 Varsovie, en Pologne. Cet \u00e9v\u00e9nement majeur r\u00e9unit des professionnels du g\u00e9nie militaire et de la logistique pour discuter des d\u00e9fis de l'industrie, des avanc\u00e9es technologiques et des tendances [&hellip;]","og_url":"https:\/\/www.forwardis.com\/fr\/actualites\/forwardis-a-la-combat-engineer-logistics-conference-de-varsovie\/","og_site_name":"Forwardis","og_image":[{"width":700,"height":400,"url":"https:\/\/www.forwardis.com\/wp-content\/uploads\/2025\/03\/Linkedin-5.png","type":"image\/png"}],"twitter_card":"summary_large_image","twitter_site":"@Forwardisgroup","twitter_misc":{"Gesch\u00e4tzte Lesezeit":"2\u00a0Minuten"},"schema":{"@context":"https:\/\/schema.org","@graph":[{"@type":"WebPage","@id":"https:\/\/www.forwardis.com\/fr\/actualites\/forwardis-a-la-combat-engineer-logistics-conference-de-varsovie\/","url":"https:\/\/www.forwardis.com\/fr\/actualites\/forwardis-a-la-combat-engineer-logistics-conference-de-varsovie\/","name":"Forwardis \u00e0 la Combat Engineer & Logistics Conference de Varsovie - Forwardis","isPartOf":{"@id":"https:\/\/www.forwardis.com\/#website"},"primaryImageOfPage":{"@id":"https:\/\/www.forwardis.com\/fr\/actualites\/forwardis-a-la-combat-engineer-logistics-conference-de-varsovie\/#primaryimage"},"image":{"@id":"https:\/\/www.forwardis.com\/fr\/actualites\/forwardis-a-la-combat-engineer-logistics-conference-de-varsovie\/#primaryimage"},"thumbnailUrl":"https:\/\/www.forwardis.com\/wp-content\/uploads\/2025\/03\/Linkedin-5.png","datePublished":"2025-03-20T13:07:22+00:00","breadcrumb":{"@id":"https:\/\/www.forwardis.com\/fr\/actualites\/forwardis-a-la-combat-engineer-logistics-conference-de-varsovie\/#breadcrumb"},"inLanguage":"de","potentialAction":[{"@type":"ReadAction","target":["https:\/\/www.forwardis.com\/fr\/actualites\/forwardis-a-la-combat-engineer-logistics-conference-de-varsovie\/"]}]},{"@type":"ImageObject","inLanguage":"de","@id":"https:\/\/www.forwardis.com\/fr\/actualites\/forwardis-a-la-combat-engineer-logistics-conference-de-varsovie\/#primaryimage","url":"https:\/\/www.forwardis.com\/wp-content\/uploads\/2025\/03\/Linkedin-5.png","contentUrl":"https:\/\/www.forwardis.com\/wp-content\/uploads\/2025\/03\/Linkedin-5.png","width":700,"height":400},{"@type":"BreadcrumbList","@id":"https:\/\/www.forwardis.com\/fr\/actualites\/forwardis-a-la-combat-engineer-logistics-conference-de-varsovie\/#breadcrumb","itemListElement":[{"@type":"ListItem","position":1,"name":"Home","item":"https:\/\/www.forwardis.com\/de\/"},{"@type":"ListItem","position":2,"name":"Forwardis \u00e0 la Combat Engineer &#038; Logistics Conference de Varsovie"}]},{"@type":"WebSite","@id":"https:\/\/www.forwardis.com\/#website","url":"https:\/\/www.forwardis.com\/","name":"Forwardis","description":"","publisher":{"@id":"https:\/\/www.forwardis.com\/#organization"},"potentialAction":[{"@type":"SearchAction","target":{"@type":"EntryPoint","urlTemplate":"https:\/\/www.forwardis.com\/?s={search_term_string}"},"query-input":{"@type":"PropertyValueSpecification","valueRequired":true,"valueName":"search_term_string"}}],"inLanguage":"de"},{"@type":"Organization","@id":"https:\/\/www.forwardis.com\/#organization","name":"Forwardis","url":"https:\/\/www.forwardis.com\/","logo":{"@type":"ImageObject","inLanguage":"de","@id":"https:\/\/www.forwardis.com\/#\/schema\/logo\/image\/","url":"https:\/\/www.forwardis.com\/wp-content\/uploads\/2025\/03\/logo-Forwardi-couleur.svg","contentUrl":"https:\/\/www.forwardis.com\/wp-content\/uploads\/2025\/03\/logo-Forwardi-couleur.svg","width":286,"height":66,"caption":"Forwardis"},"image":{"@id":"https:\/\/www.forwardis.com\/#\/schema\/logo\/image\/"},"sameAs":["https:\/\/x.com\/Forwardisgroup","https:\/\/www.linkedin.com\/company\/forwardis-group\/","https:\/\/www.youtube.com\/@forwardis1948"]}]}},"_links":{"self":[{"href":"https:\/\/www.forwardis.com\/de\/wp-json\/wp\/v2\/news\/8158","targetHints":{"allow":["GET"]}}],"collection":[{"href":"https:\/\/www.forwardis.com\/de\/wp-json\/wp\/v2\/news"}],"about":[{"href":"https:\/\/www.forwardis.com\/de\/wp-json\/wp\/v2\/types\/news"}],"wp:featuredmedia":[{"embeddable":true,"href":"https:\/\/www.forwardis.com\/de\/wp-json\/wp\/v2\/media\/8154"}],"wp:attachment":[{"href":"https:\/\/www.forwardis.com\/de\/wp-json\/wp\/v2\/media?parent=8158"}],"wp:term":[{"taxonomy":"city","embeddable":true,"href":"https:\/\/www.forwardis.com\/de\/wp-json\/wp\/v2\/city?post=8158"},{"taxonomy":"news_category","embeddable":true,"href":"https:\/\/www.forwardis.com\/de\/wp-json\/wp\/v2\/news_category?post=8158"},{"taxonomy":"news_tags","embeddable":true,"href":"https:\/\/www.forwardis.com\/de\/wp-json\/wp\/v2\/news_tags?post=8158"}],"curies":[{"name":"wp","href":"https:\/\/api.w.org\/{rel}","templated":true}]}}